{"id":1309,"date":"2020-06-23T18:21:43","date_gmt":"2020-06-23T16:21:43","guid":{"rendered":"https:\/\/fundacen.org.ar\/?p=1309"},"modified":"2026-01-05T12:14:32","modified_gmt":"2026-01-05T15:14:32","slug":"herramientas-contra-el-covid-19","status":"publish","type":"post","link":"https:\/\/fundacen.org.ar\/en\/herramientas-contra-el-covid-19\/","title":{"rendered":"Herramientas contra el COVID-19"},"content":{"rendered":"<p>La llegada de la pandemia puso en marcha una serie de proyectos orientados a prevenir, tratar y diagnosticar el COVID-19. A los pocos d\u00edas de iniciado el confinamiento, un grupo de cient\u00edficos de distintas especialidades comenz\u00f3 a intercambiar informaci\u00f3n sobre lo que hasta ese momento se conoc\u00eda sobre las prote\u00ednas inmunog\u00e9nicas del coronavirus y a preguntarse desde d\u00f3nde pod\u00edan aportar herramientas concretas para combatirlo.<\/p>\n\n\n\n<p>El grupo de investigadores en biolog\u00eda, bioqu\u00edmica y biotecnolog\u00eda del Instituto Milstein, el departamento de Qu\u00edmica Biol\u00f3gica y el de Fisiolog\u00eda, Biolog\u00eda Molecular y Celular de la Facultad de Ciencias Exactas (UBA), el Instituto de Qu\u00edmica y Fisicoqu\u00edmica Biol\u00f3gicas de la<\/p>\n\n\n\n<p>Facultad de Farmacia y Bioqu\u00edmica (UBA) y de la UTN Haedo transform\u00f3 ese intercambio acad\u00e9mico en la intenci\u00f3n de ponerse en marcha para contribuir a la construcci\u00f3n de aportes concretos. Para lograrlo, la clave fueron los conocimientos espec\u00edficos del grupo de trabajo que decidi\u00f3 centrarse en la producci\u00f3n de una prote\u00edna que forma parte de la envoltura del coronavirus (SARS-CoV-2), denominada Spike, y de un dominio llamado RBD, que es una peque\u00f1a parte de esa prote\u00edna.<\/p>\n\n\n\n<p>Hoy, este trabajo en conjunto contin\u00faa dando frutos &#8220;Ya tenemos purificadas las prote\u00ednas y necesitamos hacer ensayos de funcionalidad como la eficacia de ser reconocidas por sueros de convalecientes o la de generar respuesta inmune en rat\u00f3n. Tambi\u00e9n aumentar la cantidad que podemos producir como para suministrarles a quienes est\u00e1n en condiciones de fabricar kits de detecci\u00f3n o vacunas&#8230;\u201d se\u00f1ala Alejandro Nadra, investigador del CONICET y profesor de la Facultad de Ciencias Exactas y Naturales de la UBA.<\/p>\n\n\n\n<p>Pero trabajar en este contexto conlleva dificultades particulares y la velocidad para disponer de los fondos es una de ellas, las donaciones tienen la capacidad de responder a la urgencia que la hora demanda y por ello han tenido un gran valor en el avance de este proyecto &#8220;Las donaciones han sido fundamentales para poder avanzar con el trabajo. Si bien, al inicio pusimos a disposici\u00f3n reactivos y equipos disponibles en los laboratorios, fue necesario comprar reactivos espec\u00edficos como la compra de los genes de las prote\u00ednas de SARS-Cov-2 e insumos para purificarlas\u201d se\u00f1ala Nadra.<\/p>\n\n\n\n<p>Desde FUNDACEN se canalizaron aportes por 1,25 millones de pesos para proyectos de Covid-19 y queremos seguir haci\u00e9ndolo, si te interesa hacer un aporte pod\u00e9s hacerlo con tarjeta, transferencia o desde el exterior del pa\u00eds. Gracias por tu colaboraci\u00f3n!<\/p>\n\n\n\n<div style=\"height:32px\" aria-hidden=\"true\" class=\"wp-block-spacer\"><\/div>\n\n\n\n<figure class=\"wp-block-image wp-image-1310 size-medium\"><img loading=\"lazy\" decoding=\"async\" width=\"300\" height=\"200\" src=\"https:\/\/fundacen.org.ar\/wp-content\/uploads\/2020\/06\/Santos-Lab2-300x200.jpg\" alt=\"\" class=\"wp-image-1310\" srcset=\"https:\/\/fundacen.org.ar\/wp-content\/uploads\/2020\/06\/Santos-Lab2-300x200.jpg 300w, https:\/\/fundacen.org.ar\/wp-content\/uploads\/2020\/06\/Santos-Lab2-1024x683.jpg 1024w, https:\/\/fundacen.org.ar\/wp-content\/uploads\/2020\/06\/Santos-Lab2-768x513.jpg 768w, https:\/\/fundacen.org.ar\/wp-content\/uploads\/2020\/06\/Santos-Lab2-200x133.jpg 200w, https:\/\/fundacen.org.ar\/wp-content\/uploads\/2020\/06\/Santos-Lab2-400x267.jpg 400w, https:\/\/fundacen.org.ar\/wp-content\/uploads\/2020\/06\/Santos-Lab2-600x400.jpg 600w, https:\/\/fundacen.org.ar\/wp-content\/uploads\/2020\/06\/Santos-Lab2-800x534.jpg 800w, https:\/\/fundacen.org.ar\/wp-content\/uploads\/2020\/06\/Santos-Lab2-1200x801.jpg 1200w, https:\/\/fundacen.org.ar\/wp-content\/uploads\/2020\/06\/Santos-Lab2.jpg 1500w\" sizes=\"auto, (max-width: 300px) 100vw, 300px\" \/><figcaption class=\"wp-element-caption\">Cr\u00e9dito imagen: Paula Bassi<\/figcaption><\/figure>\n\n\n\n<p><strong>How to collaborate?<\/strong><\/p>\n\n\n\n<p><strong><a href=\"https:\/\/donaronline.org\/fundacion-ciencias-exactas-y-naturales\/proyecto-colaborativo-covid-19\">TARJETA DE D\u00c9BITO\/ CR\u00c9DITO<\/a><\/strong><strong>:<\/strong>&nbsp;haciendo &nbsp;click en&nbsp;<a href=\"https:\/\/donaronline.org\/fundacion-ciencias-exactas-y-naturales\/proyecto-colaborativo-covid-19\">este enlace de DonarOnline.org<\/a>.<\/p>\n\n\n\n<p><strong><a href=\"https:\/\/fundacen.org.ar\/en\/dona\/#datosBanco\">TRANSFERENCIA BANCARIA<\/a><\/strong><strong>:<\/strong>&nbsp;en&nbsp;<a href=\"https:\/\/fundacen.org.ar\/en\/dona\/#datosBanco\">este link<\/a>&nbsp;vas a encontrar la informaci\u00f3n necesaria.<\/p>\n\n\n\n<p><a href=\"https:\/\/www.helpargentina.org\/es\/proyectos\/dt\/id\/299\/proyecto-colaborativo-covid-19\"><strong>DESDE EL EXTERIOR:<\/strong><\/a>&nbsp;haciendo click en&nbsp;<a href=\"https:\/\/www.helpargentina.org\/es\/proyectos\/dt\/id\/299\/proyecto-colaborativo-covid-19\">este enlace de HelpArgentina<\/a> vas a poder realizar tu donaci\u00f3n por diferentes medios y tener la posibilidad de hacer deducci\u00f3n de impuestos para USA.<\/p>","protected":false},"excerpt":{"rendered":"<p>Un grupo de especialistas pertenecientes a distintos centros de investigaci\u00f3n p\u00fablicos se unieron para desarrollar herramientas para el tratamiento, diagn\u00f3stico y prevenci\u00f3n del COVID-19. Se abocan a producir y purificar una prote\u00edna que forma parte de la envoltura del virus, un insumo clave que puede ser utilizado para diversos fines. Se encuentran en la instancia en la que necesitan realizar ensayos de funcionalidad y eficacia y desde FUNDACEN se vehiculizan donaciones para apoyarlos.<\/p>","protected":false},"author":5,"featured_media":1310,"comment_status":"open","ping_status":"open","sticky":false,"template":"","format":"image","meta":{"_acf_changed":false,"footnotes":""},"categories":[11,26,18],"tags":[],"class_list":["post-1309","post","type-post","status-publish","format-image","has-post-thumbnail","hentry","category-ayuda-a-la-comunidad-de-exactas","category-covid-19","category-novedades","post_format-post-format-image"],"acf":[],"_links":{"self":[{"href":"https:\/\/fundacen.org.ar\/en\/wp-json\/wp\/v2\/posts\/1309","targetHints":{"allow":["GET"]}}],"collection":[{"href":"https:\/\/fundacen.org.ar\/en\/wp-json\/wp\/v2\/posts"}],"about":[{"href":"https:\/\/fundacen.org.ar\/en\/wp-json\/wp\/v2\/types\/post"}],"author":[{"embeddable":true,"href":"https:\/\/fundacen.org.ar\/en\/wp-json\/wp\/v2\/users\/5"}],"replies":[{"embeddable":true,"href":"https:\/\/fundacen.org.ar\/en\/wp-json\/wp\/v2\/comments?post=1309"}],"version-history":[{"count":10,"href":"https:\/\/fundacen.org.ar\/en\/wp-json\/wp\/v2\/posts\/1309\/revisions"}],"predecessor-version":[{"id":3064,"href":"https:\/\/fundacen.org.ar\/en\/wp-json\/wp\/v2\/posts\/1309\/revisions\/3064"}],"wp:featuredmedia":[{"embeddable":true,"href":"https:\/\/fundacen.org.ar\/en\/wp-json\/wp\/v2\/media\/1310"}],"wp:attachment":[{"href":"https:\/\/fundacen.org.ar\/en\/wp-json\/wp\/v2\/media?parent=1309"}],"wp:term":[{"taxonomy":"category","embeddable":true,"href":"https:\/\/fundacen.org.ar\/en\/wp-json\/wp\/v2\/categories?post=1309"},{"taxonomy":"post_tag","embeddable":true,"href":"https:\/\/fundacen.org.ar\/en\/wp-json\/wp\/v2\/tags?post=1309"}],"curies":[{"name":"wp","href":"https:\/\/api.w.org\/{rel}","templated":true}]}}