{"id":3356,"date":"2026-04-27T12:22:33","date_gmt":"2026-04-27T15:22:33","guid":{"rendered":"https:\/\/fundacen.org.ar\/?p=3356"},"modified":"2026-04-28T11:37:56","modified_gmt":"2026-04-28T14:37:56","slug":"nueva-cortadora-laser-en-el-departamento-de-fisica","status":"publish","type":"post","link":"https:\/\/fundacen.org.ar\/en\/nueva-cortadora-laser-en-el-departamento-de-fisica\/","title":{"rendered":"Nueva cortadora l\u00e1ser en el Departamento de F\u00edsica"},"content":{"rendered":"<p>Desde Fundacen, y <a href=\"https:\/\/fundacen.org.ar\/en\/dona\/?utm_source=perfit&amp;utm_medium=email\" data-type=\"link\" data-id=\"https:\/\/fundacen.org.ar\/dona\/?utm_source=perfit&amp;utm_medium=email\">gracias a  su comunidad de donantes<\/a>, seguimos acompa\u00f1ando iniciativas que fortalecen la infraestructura cient\u00edfica de la Facultad. En esta l\u00ednea, recientemente se incorpor\u00f3 una nueva herramienta al Taller de Mecanizado del Departamento de F\u00edsica: una cortadora y grabadora l\u00e1ser CNC que ampl\u00eda significativamente sus capacidades de trabajo.<\/p>\n\n\n\n<p>Este equipamiento permite fabricar piezas con gran precisi\u00f3n y rapidez en una amplia variedad de materiales, mejorando de manera directa el soporte que el Taller brinda a los laboratorios de docencia e investigaci\u00f3n.<\/p>\n\n\n\n<p>\u201cLo que distingue a esta tecnolog\u00eda es su capacidad para integrar dise\u00f1o digital y producci\u00f3n de forma directa y reproducible. Gracias a esto, hoy estudiantes e investigadores pueden pasar del dise\u00f1o a la pieza terminada en cuesti\u00f3n de horas, acortando significativamente los tiempos entre la idea y la implementaci\u00f3n de un montaje experimental\u201d, se\u00f1ala Pablo Cobelli, coordinador del Taller de Mecanizado.<\/p>\n\n\n\n<p>La incorporaci\u00f3n de esta tecnolog\u00eda abre nuevas posibilidades para la fabricaci\u00f3n de adaptadores \u00f3pticos, dispositivos de flujo, prototipos y componentes de instrumentaci\u00f3n cient\u00edfica. Al mismo tiempo, impulsa el trabajo colaborativo y promueve la formaci\u00f3n en tecnolog\u00edas de manufactura avanzada.<\/p>\n\n\n\n<p>Para que este tipo de avances se sostengan en el tiempo y se integren plenamente a la vida acad\u00e9mica, resulta fundamental acompa\u00f1arlos con capacitaci\u00f3n, mantenimiento y actualizaci\u00f3n constante. En este proceso, el financiamiento cumple un rol clave.<\/p>\n\n\n\n<p>Cada <a href=\"https:\/\/fundacen.org.ar\/en\/dona\/?utm_source=perfit&amp;utm_medium=email\" data-type=\"link\" data-id=\"https:\/\/fundacen.org.ar\/dona\/?utm_source=perfit&amp;utm_medium=email\">aporte<\/a> se traduce en oportunidades concretas dentro del aula y el laboratorio. Te invitamos a sumarte y ser parte del impulso a la ciencia y la educaci\u00f3n.<\/p>\n\n\n\n<p><\/p>","protected":false},"excerpt":{"rendered":"<p>La incorporaci\u00f3n de una cortadora y grabadora l\u00e1ser CNC al Taller de Mecanizado del Departamento de F\u00edsica ampl\u00eda sus capacidades de fabricaci\u00f3n con mayor precisi\u00f3n y rapidez. Este nuevo equipamiento mejora el soporte a la docencia e investigaci\u00f3n, permitiendo acortar los tiempos entre el dise\u00f1o y la implementaci\u00f3n de dispositivos y montajes experimentales.<\/p>","protected":false},"author":5,"featured_media":3359,"comment_status":"closed","ping_status":"closed","sticky":false,"template":"","format":"standard","meta":{"_acf_changed":false,"footnotes":""},"categories":[33,1],"tags":[],"class_list":["post-3356","post","type-post","status-publish","format-standard","has-post-thumbnail","hentry","category-programas","category-sin-categoria"],"acf":[],"_links":{"self":[{"href":"https:\/\/fundacen.org.ar\/en\/wp-json\/wp\/v2\/posts\/3356","targetHints":{"allow":["GET"]}}],"collection":[{"href":"https:\/\/fundacen.org.ar\/en\/wp-json\/wp\/v2\/posts"}],"about":[{"href":"https:\/\/fundacen.org.ar\/en\/wp-json\/wp\/v2\/types\/post"}],"author":[{"embeddable":true,"href":"https:\/\/fundacen.org.ar\/en\/wp-json\/wp\/v2\/users\/5"}],"replies":[{"embeddable":true,"href":"https:\/\/fundacen.org.ar\/en\/wp-json\/wp\/v2\/comments?post=3356"}],"version-history":[{"count":3,"href":"https:\/\/fundacen.org.ar\/en\/wp-json\/wp\/v2\/posts\/3356\/revisions"}],"predecessor-version":[{"id":3368,"href":"https:\/\/fundacen.org.ar\/en\/wp-json\/wp\/v2\/posts\/3356\/revisions\/3368"}],"wp:featuredmedia":[{"embeddable":true,"href":"https:\/\/fundacen.org.ar\/en\/wp-json\/wp\/v2\/media\/3359"}],"wp:attachment":[{"href":"https:\/\/fundacen.org.ar\/en\/wp-json\/wp\/v2\/media?parent=3356"}],"wp:term":[{"taxonomy":"category","embeddable":true,"href":"https:\/\/fundacen.org.ar\/en\/wp-json\/wp\/v2\/categories?post=3356"},{"taxonomy":"post_tag","embeddable":true,"href":"https:\/\/fundacen.org.ar\/en\/wp-json\/wp\/v2\/tags?post=3356"}],"curies":[{"name":"wp","href":"https:\/\/api.w.org\/{rel}","templated":true}]}}