{"id":3437,"date":"2026-08-26T12:28:36","date_gmt":"2026-08-26T15:28:36","guid":{"rendered":"https:\/\/fundacen.org.ar\/?p=3437"},"modified":"2026-08-27T12:40:46","modified_gmt":"2026-08-27T15:40:46","slug":"acompanar-cuando-hace-falta","status":"publish","type":"post","link":"https:\/\/fundacen.org.ar\/en\/acompanar-cuando-hace-falta\/","title":{"rendered":"Acompa\u00f1ar cuando hace falta"},"content":{"rendered":"<p>Este mes queremos contarte c\u00f3mo <a href=\"https:\/\/fundacen.org.ar\/en\/dona\/\">el apoyo de nuestros donantes permiti\u00f3 <strong>responder a una emergencia de infraestructura<\/strong><\/a><strong> que pon\u00eda en riesgo la continuidad de investigaciones en el IFIBYNE<\/strong>.<\/p>\n\n\n\n<p>El Instituto de Fisiolog\u00eda, Biolog\u00eda Molecular y Neurociencias (IFIBYNE) re\u00fane a alrededor de 300 investigadores, docentes, becarios y personal t\u00e9cnico que trabajan en distintas \u00e1reas de la biolog\u00eda y las neurociencias. Sus instalaciones cuentan con espacios especialmente acondicionados para la generaci\u00f3n y el mantenimiento de sistemas biol\u00f3gicos utilizados en investigaci\u00f3n, como cangrejos, ranas, peces, ratones y plantas.<\/p>\n\n\n\n<p>A pocos d\u00edas del inicio del verano, all\u00e1 por 2024, <strong>cuatro m\u00e1quinas enfriadoras del sistema central de climatizaci\u00f3n dejaron de funcionar<\/strong>. Estos equipos son fundamentales para mantener las condiciones ambientales necesarias en los espacios que albergan a los modelosde biol\u00f3gicos mencioanados.<\/p>\n\n\n\n<p>La convocatoria de AYUDAS de FUNDACEN lleg\u00f3 en un momento clave y permiti\u00f3 actuar r\u00e1pidamente.<\/p>\n\n\n\n<p><em>Con el aporte adquirimos un equipo de climatizaci\u00f3n tipo ROOFTOP que nos permiti\u00f3 implementar un plan de emergencia y mantener climatizados los cuartos de cangrejos, peces y ratones. <\/em><strong><em>La ayuda de FUNDACEN fue clave para garantizar la continuidad del trabajo de los grupos de investigaci\u00f3n del instituto que utilizan organismos vivos<\/em><\/strong><em>como sistemas de estudio<\/em>, explica Adali Pecci, directora del IFIBYNE.<\/p>\n\n\n\n<p>Adem\u00e1s de esta intervenci\u00f3n, el apoyo de FUNDACEN, a trav\u00e9s de dos nuevas convocatorias,&nbsp; permiti\u00f3 equipar el <strong>laboratorio de docencia<\/strong> ubicado en el segundo piso y fortalecer la infraestructura de la <strong>Sala de Cirug\u00edas<\/strong>, con una inversi\u00f3n total de $12,5 millones.<\/p>\n\n\n\n<p>Tres proyectos diferentes que responden a necesidades concretas de un instituto donde la investigaci\u00f3n, la docencia y la formaci\u00f3n requieren tambi\u00e9n equipamiento y espacios adecuados. <strong>Acompa\u00f1ar la ciencia argentina tambi\u00e9n es invertir en las condiciones que la hacen posible<\/strong>.<\/p>\n\n\n\n<p>Gracias a quienes ya colaboran con FUNDACEN y hacen posibles estas mejoras. Si todav\u00eda no sos parte, <a href=\"https:\/\/fundacen.org.ar\/en\/dona\/\">sumate con tu donaci\u00f3n y ayud\u00e1 a fortalecer la investigaci\u00f3n cient\u00edfica<\/a>.<\/p>\n\n\n\n<p><\/p>","protected":false},"excerpt":{"rendered":"<p>Con el apoyo de FUNDACEN, el IFIBYNE pudo responder a una emergencia de infraestructura y realizar mejoras para fortalecer las condiciones necesarias para la investigaci\u00f3n, la docencia y la formaci\u00f3n.<\/p>","protected":false},"author":5,"featured_media":3438,"comment_status":"closed","ping_status":"closed","sticky":false,"template":"","format":"standard","meta":{"_acf_changed":false,"footnotes":""},"categories":[1],"tags":[],"class_list":["post-3437","post","type-post","status-publish","format-standard","has-post-thumbnail","hentry","category-sin-categoria"],"acf":[],"_links":{"self":[{"href":"https:\/\/fundacen.org.ar\/en\/wp-json\/wp\/v2\/posts\/3437","targetHints":{"allow":["GET"]}}],"collection":[{"href":"https:\/\/fundacen.org.ar\/en\/wp-json\/wp\/v2\/posts"}],"about":[{"href":"https:\/\/fundacen.org.ar\/en\/wp-json\/wp\/v2\/types\/post"}],"author":[{"embeddable":true,"href":"https:\/\/fundacen.org.ar\/en\/wp-json\/wp\/v2\/users\/5"}],"replies":[{"embeddable":true,"href":"https:\/\/fundacen.org.ar\/en\/wp-json\/wp\/v2\/comments?post=3437"}],"version-history":[{"count":3,"href":"https:\/\/fundacen.org.ar\/en\/wp-json\/wp\/v2\/posts\/3437\/revisions"}],"predecessor-version":[{"id":3448,"href":"https:\/\/fundacen.org.ar\/en\/wp-json\/wp\/v2\/posts\/3437\/revisions\/3448"}],"wp:featuredmedia":[{"embeddable":true,"href":"https:\/\/fundacen.org.ar\/en\/wp-json\/wp\/v2\/media\/3438"}],"wp:attachment":[{"href":"https:\/\/fundacen.org.ar\/en\/wp-json\/wp\/v2\/media?parent=3437"}],"wp:term":[{"taxonomy":"category","embeddable":true,"href":"https:\/\/fundacen.org.ar\/en\/wp-json\/wp\/v2\/categories?post=3437"},{"taxonomy":"post_tag","embeddable":true,"href":"https:\/\/fundacen.org.ar\/en\/wp-json\/wp\/v2\/tags?post=3437"}],"curies":[{"name":"wp","href":"https:\/\/api.w.org\/{rel}","templated":true}]}}